{"id":6228,"date":"2025-12-15T18:22:45","date_gmt":"2025-12-15T16:22:45","guid":{"rendered":"https:\/\/psykologvirke.no\/?p=6228"},"modified":"2025-12-15T18:24:11","modified_gmt":"2025-12-15T16:24:11","slug":"din-emosjonelle-julealder","status":"publish","type":"post","link":"https:\/\/psykologvirke.no\/en\/aktuelt\/din-emosjonelle-julealder\/","title":{"rendered":"Your emotional Christmas age"},"content":{"rendered":"<p>A Christmas text by Akiah Ottesen and Ida K. Holth<\/p>\n\n\n\n<blockquote class=\"wp-block-quote is-layout-flow wp-block-quote-is-layout-flow\"><\/blockquote>\n\n\n\n<div class=\"wp-block-columns is-layout-flex wp-container-core-columns-is-layout-9d6595d7 wp-block-columns-is-layout-flex\">\n<div class=\"wp-block-column is-layout-flow wp-block-column-is-layout-flow\">\n<p>\u00ab&quot;It was the night before Christmas, and so quiet in our house<br>that nothing was heard, no, not a mouse.<br>By the fireplace the stockings were hung up in place,<br>for now Saint Claus would soon come with his load<br>Look in on the children, who slept in their den,<br>Dreaming of all the good things they would soon receive.<br>And mom and I, we had just gone to sleep<br>\u2013 we were all under the covers, both of us\u2026..\u00bb<br><br>(And we&#039;ll write a little more:)<br>They whispered and pondered, worried so<br>For difficult meetings, sneak around on tiptoe<br>around daughter or mother, sister or brother.<br>No, it really should be like last year...<\/p>\n<\/div>\n<\/div>\n\n\n\n<p>Many of us dread Christmas. The anticipation of reliving the magic of childhood meets the fear of relational drama, where we suddenly find ourselves in a dogma movie from the 90s. When hours turn into days and days into dark nights, the repressed can bubble up. The unrest tightens in the chest, an innocent comment becomes the trigger of the times, the Christmas argument is a fact.\u00a0<\/p>\n\n\n\n<p>Maybe there&#039;s an uncle who&#039;s annoying, who always says something rude and inappropriate. Just like he just <em>must<\/em> be in opposition \u2013 as if he were a teenager. Now he&#039;s going to show you that he&#039;s got it all figured out and that everyone else is wrong. As if he&#039;s still working hard to defeat his domineering father and break away from him, but is trapped in a role that <em>the one who is against.<\/em>\u00a0<\/p>\n\n\n\n<p>Or what about when your mother suddenly needs help with absolutely everything and has started to doubt her decisions. When you were growing up, she was the strongest in the world and the epitome of competent. Where she hangs on you now, she reminds you more of a slightly overweight two-year-old, who you know can do more, but is just too tired to walk on her own.\u00a0<\/p>\n\n\n\n<h2 class=\"wp-block-heading\" id=\"h-emosjonell-alder\">Emotional age<\/h2>\n\n\n\n<p>Although our bodies and knowledge develop throughout life, it often happens that our emotions get stuck at a specific age. <\/p>\n\n\n\n<p>And because every age has its own dilemmas, which everyone has to go through, you don&#039;t have to be a psychologist to understand what your uncle, mom, brother or yourself are going through when things get tough and emotion regulation flies out the window like a Christmas tree in January.\u00a0<\/p>\n\n\n\n<p>We can look to developmental psychologist Erik Erikson&#039;s stage theory here, where the nine stages of life all involve existential and emotional crises that are not necessarily easily resolved. For example, from birth to about 18 months, it is about establishing a basic trust in the outside world. <\/p>\n\n\n\n<p>If this project fails, due to tired, absent or frightening parents, one is trapped in a kind of continuous crisis: Can I trust those around me or do I always have to be on guard? In the next stage, it is about establishing a basic autonomy versus being trapped in self-doubt and shame: Am I good at something? Will I be able to do it? Can I be proud of what I have created in the potty, or will everything just become pressure and coercion and impossible and I will not be able to do it?\u00a0\u00a0<\/p>\n\n\n\n<p>Challenges and conflicts from these phases of life are not always resolved. And here comes what Freud called the repetition compulsion. The crises that are not resolved, felt or heard, are repeated again and again in different forms and on different stages. The Christmas party is one stage where old dramas can go da capo.\u00a0<\/p>\n\n\n\n<h2 class=\"wp-block-heading\" id=\"h-julen-er-for-unger\">Christmas is for children<\/h2>\n\n\n\n<p>But what are we going to do about this? We have to get through Christmas anyway, and it would be best for everyone if it was also a little nice.\u00a0<\/p>\n\n\n\n<p>Psychologists may be reluctant to give advice, because the point is precisely to figure things out for yourself (cf. phase two in developmental theory), but here is some advice that you can choose to oppose or relate to: Explore the stage you or your annoying family members are stuck in.<\/p>\n\n\n\n<p>When Uncle K\u00e5re with the great job gets the infamous look during Christmas breakfast, then <em>see<\/em>. Look a little closer to see if it&#039;s maybe three-year-old K\u00e5re who suddenly wants to join in the game.<\/p>\n\n\n\n<p>S\u00e5 akkurat denne julen \u2013 ta et kikk rundt i rommet \u2013 og observer hvilken alder slektningen din befinner seg i akkurat i dag. Se om det endrer noe inni deg, om det varmer litt mer i hjertet. Jeg tipper du merker at spenningene slipper, som \u00e5 plutselig f\u00e5 puste. \u00c5 ja, der ble mamma to \u00e5r, og to\u00e5ringer vil utforske verden fra et trygt st\u00e5sted, og der ble jeg fem \u00e5r, og fem\u00e5ring trenger st\u00f8tte i sine avgj\u00f8relser. <\/p>\n\n\n\n<p>The teenager needs freedom and generosity, while the infant just wants peace, food and sleep and routines. And children at all stages need love. And play, which is practicing something difficult in a safe and good setting, as a preparation for the rest of life.\u00a0<\/p>\n\n\n\n<p>So what if this Christmas you welcomed your relatives as the children they are? As an experiment \u2013 just see what happens. Because isn&#039;t Christmas really for kids?\u00a0\u00a0<\/p>\n\n\n\n<ol class=\"wp-block-list\">\n<li>Halldis Moren Vesaas: <em>When Saint Claus was here<\/em> (Thorbj\u00f8rn Egner&#039;s reading book, volume IX, page 164).<\/li>\n<\/ol>\n\n\n\n<p><\/p>","protected":false},"excerpt":{"rendered":"<p>En juletekst av Akiah Ottesen og Ida K. Holth \u00abDet var kvelden f\u00f8r jul, og s\u00e5 stilt i v\u00e5rt husat ingenting h\u00f8yrdest, nei ikkje ei mus.Ved peisen var str\u00f8mpene hengt opp p\u00e5 plass,for no skulle snart Sankte Klaus med sitt lasssj\u00e5 innom til borna, som&nbsp;<a class=\"read-more\" href=\"https:\/\/psykologvirke.no\/en\/aktuelt\/din-emosjonelle-julealder\/\">\u2026<\/a><\/p>","protected":false},"author":3,"featured_media":6229,"comment_status":"open","ping_status":"open","sticky":false,"template":"","format":"standard","meta":{"_acf_changed":false,"footnotes":""},"categories":[204],"tags":[],"problemstilling":[],"terapiretning":[],"class_list":["post-6228","post","type-post","status-publish","format-standard","has-post-thumbnail","hentry","category-aktuelt"],"acf":[],"yoast_head":"<!-- This site is optimized with the Yoast SEO Premium plugin v25.1 (Yoast SEO v27.5) - https:\/\/yoast.com\/product\/yoast-seo-premium-wordpress\/ -->\n<title>Din emosjonelle julealder<\/title>\n<meta name=\"description\" content=\"En juletekst av Akiah Ottesen og Ida K. Holth \u00abDet var kvelden f\u00f8r jul, og s\u00e5 stilt i v\u00e5rt husat ingenting h\u00f8yrdest, nei ikkje ei mus.Ved peisen var\" \/>\n<meta name=\"robots\" content=\"index, follow, max-snippet:-1, max-image-preview:large, max-video-preview:-1\" \/>\n<link rel=\"canonical\" href=\"https:\/\/psykologvirke.no\/en\/aktuelt\/din-emosjonelle-julealder\/\" \/>\n<meta property=\"og:locale\" content=\"en_GB\" \/>\n<meta property=\"og:type\" content=\"article\" \/>\n<meta property=\"og:title\" content=\"Din emosjonelle julealder\" \/>\n<meta property=\"og:description\" content=\"En juletekst av Akiah Ottesen og Ida K. Holth \u00abDet var kvelden f\u00f8r jul, og s\u00e5 stilt i v\u00e5rt husat ingenting h\u00f8yrdest, nei ikkje ei mus.Ved peisen var\" \/>\n<meta property=\"og:url\" content=\"https:\/\/psykologvirke.no\/en\/aktuelt\/din-emosjonelle-julealder\/\" \/>\n<meta property=\"og:site_name\" content=\"Privat psykolog Oslo sentrum - Psykologvirke\" \/>\n<meta property=\"article:publisher\" content=\"https:\/\/www.facebook.com\/psykologvirke\" \/>\n<meta property=\"article:published_time\" content=\"2025-12-15T16:22:45+00:00\" \/>\n<meta property=\"article:modified_time\" content=\"2025-12-15T16:24:11+00:00\" \/>\n<meta property=\"og:image\" content=\"https:\/\/psykologvirke.no\/wp-content\/uploads\/2025\/12\/IMG_4942-scaled.jpg\" \/>\n\t<meta property=\"og:image:width\" content=\"2560\" \/>\n\t<meta property=\"og:image:height\" content=\"1920\" \/>\n\t<meta property=\"og:image:type\" content=\"image\/jpeg\" \/>\n<meta name=\"author\" content=\"Magnus Dahlgren\" \/>\n<meta name=\"twitter:card\" content=\"summary_large_image\" \/>\n<meta name=\"twitter:label1\" content=\"Written by\" \/>\n\t<meta name=\"twitter:data1\" content=\"Magnus Dahlgren\" \/>\n\t<meta name=\"twitter:label2\" content=\"Estimated reading time\" \/>\n\t<meta name=\"twitter:data2\" content=\"5 minutes\" \/>\n<script type=\"application\/ld+json\" class=\"yoast-schema-graph\">{\"@context\":\"https:\\\/\\\/schema.org\",\"@graph\":[{\"@type\":\"Article\",\"@id\":\"https:\\\/\\\/psykologvirke.no\\\/aktuelt\\\/din-emosjonelle-julealder\\\/#article\",\"isPartOf\":{\"@id\":\"https:\\\/\\\/psykologvirke.no\\\/aktuelt\\\/din-emosjonelle-julealder\\\/\"},\"author\":{\"name\":\"Magnus Dahlgren\",\"@id\":\"https:\\\/\\\/psykologvirke.no\\\/#\\\/schema\\\/person\\\/139d594932c0332a2bef167d70c96677\"},\"headline\":\"Din emosjonelle julealder\",\"datePublished\":\"2025-12-15T16:22:45+00:00\",\"dateModified\":\"2025-12-15T16:24:11+00:00\",\"mainEntityOfPage\":{\"@id\":\"https:\\\/\\\/psykologvirke.no\\\/aktuelt\\\/din-emosjonelle-julealder\\\/\"},\"wordCount\":909,\"commentCount\":0,\"publisher\":{\"@id\":\"https:\\\/\\\/psykologvirke.no\\\/#organization\"},\"image\":{\"@id\":\"https:\\\/\\\/psykologvirke.no\\\/aktuelt\\\/din-emosjonelle-julealder\\\/#primaryimage\"},\"thumbnailUrl\":\"https:\\\/\\\/psykologvirke.no\\\/wp-content\\\/uploads\\\/2025\\\/12\\\/IMG_4942-scaled.jpg\",\"articleSection\":[\"Aktuelt\"],\"inLanguage\":\"en-GB\",\"potentialAction\":[{\"@type\":\"CommentAction\",\"name\":\"Comment\",\"target\":[\"https:\\\/\\\/psykologvirke.no\\\/aktuelt\\\/din-emosjonelle-julealder\\\/#respond\"]}]},{\"@type\":\"WebPage\",\"@id\":\"https:\\\/\\\/psykologvirke.no\\\/aktuelt\\\/din-emosjonelle-julealder\\\/\",\"url\":\"https:\\\/\\\/psykologvirke.no\\\/aktuelt\\\/din-emosjonelle-julealder\\\/\",\"name\":\"Din emosjonelle julealder\",\"isPartOf\":{\"@id\":\"https:\\\/\\\/psykologvirke.no\\\/#website\"},\"primaryImageOfPage\":{\"@id\":\"https:\\\/\\\/psykologvirke.no\\\/aktuelt\\\/din-emosjonelle-julealder\\\/#primaryimage\"},\"image\":{\"@id\":\"https:\\\/\\\/psykologvirke.no\\\/aktuelt\\\/din-emosjonelle-julealder\\\/#primaryimage\"},\"thumbnailUrl\":\"https:\\\/\\\/psykologvirke.no\\\/wp-content\\\/uploads\\\/2025\\\/12\\\/IMG_4942-scaled.jpg\",\"datePublished\":\"2025-12-15T16:22:45+00:00\",\"dateModified\":\"2025-12-15T16:24:11+00:00\",\"description\":\"En juletekst av Akiah Ottesen og Ida K. Holth \u00abDet var kvelden f\u00f8r jul, og s\u00e5 stilt i v\u00e5rt husat ingenting h\u00f8yrdest, nei ikkje ei mus.Ved peisen var\",\"breadcrumb\":{\"@id\":\"https:\\\/\\\/psykologvirke.no\\\/aktuelt\\\/din-emosjonelle-julealder\\\/#breadcrumb\"},\"inLanguage\":\"en-GB\",\"potentialAction\":[{\"@type\":\"ReadAction\",\"target\":[\"https:\\\/\\\/psykologvirke.no\\\/aktuelt\\\/din-emosjonelle-julealder\\\/\"]}]},{\"@type\":\"ImageObject\",\"inLanguage\":\"en-GB\",\"@id\":\"https:\\\/\\\/psykologvirke.no\\\/aktuelt\\\/din-emosjonelle-julealder\\\/#primaryimage\",\"url\":\"https:\\\/\\\/psykologvirke.no\\\/wp-content\\\/uploads\\\/2025\\\/12\\\/IMG_4942-scaled.jpg\",\"contentUrl\":\"https:\\\/\\\/psykologvirke.no\\\/wp-content\\\/uploads\\\/2025\\\/12\\\/IMG_4942-scaled.jpg\",\"width\":2560,\"height\":1920},{\"@type\":\"BreadcrumbList\",\"@id\":\"https:\\\/\\\/psykologvirke.no\\\/aktuelt\\\/din-emosjonelle-julealder\\\/#breadcrumb\",\"itemListElement\":[{\"@type\":\"ListItem\",\"position\":1,\"name\":\"Hjem\",\"item\":\"https:\\\/\\\/psykologvirke.no\\\/\"},{\"@type\":\"ListItem\",\"position\":2,\"name\":\"Din emosjonelle julealder\"}]},{\"@type\":\"WebSite\",\"@id\":\"https:\\\/\\\/psykologvirke.no\\\/#website\",\"url\":\"https:\\\/\\\/psykologvirke.no\\\/\",\"name\":\"Privat psykolog i Oslo sentrum - Psykologvirke\",\"description\":\"Privat psykolog Oslo sentrum\",\"publisher\":{\"@id\":\"https:\\\/\\\/psykologvirke.no\\\/#organization\"},\"potentialAction\":[{\"@type\":\"SearchAction\",\"target\":{\"@type\":\"EntryPoint\",\"urlTemplate\":\"https:\\\/\\\/psykologvirke.no\\\/?s={search_term_string}\"},\"query-input\":{\"@type\":\"PropertyValueSpecification\",\"valueRequired\":true,\"valueName\":\"search_term_string\"}}],\"inLanguage\":\"en-GB\"},{\"@type\":\"Organization\",\"@id\":\"https:\\\/\\\/psykologvirke.no\\\/#organization\",\"name\":\"Psykologvirke\",\"url\":\"https:\\\/\\\/psykologvirke.no\\\/\",\"logo\":{\"@type\":\"ImageObject\",\"inLanguage\":\"en-GB\",\"@id\":\"https:\\\/\\\/psykologvirke.no\\\/#\\\/schema\\\/logo\\\/image\\\/\",\"url\":\"https:\\\/\\\/psykologvirke.no\\\/wp-content\\\/uploads\\\/2022\\\/07\\\/logo-stacked-psykolgovirke.png\",\"contentUrl\":\"https:\\\/\\\/psykologvirke.no\\\/wp-content\\\/uploads\\\/2022\\\/07\\\/logo-stacked-psykolgovirke.png\",\"width\":273,\"height\":288,\"caption\":\"Psykologvirke\"},\"image\":{\"@id\":\"https:\\\/\\\/psykologvirke.no\\\/#\\\/schema\\\/logo\\\/image\\\/\"},\"sameAs\":[\"https:\\\/\\\/www.facebook.com\\\/psykologvirke\"]},{\"@type\":\"Person\",\"@id\":\"https:\\\/\\\/psykologvirke.no\\\/#\\\/schema\\\/person\\\/139d594932c0332a2bef167d70c96677\",\"name\":\"Magnus Dahlgren\",\"image\":{\"@type\":\"ImageObject\",\"inLanguage\":\"en-GB\",\"@id\":\"https:\\\/\\\/secure.gravatar.com\\\/avatar\\\/ce8e8237543b6fd435c8512ed2124b9877b1959ce1fb18921a0b9fc29e9ce1e3?s=96&d=identicon&r=g\",\"url\":\"https:\\\/\\\/secure.gravatar.com\\\/avatar\\\/ce8e8237543b6fd435c8512ed2124b9877b1959ce1fb18921a0b9fc29e9ce1e3?s=96&d=identicon&r=g\",\"contentUrl\":\"https:\\\/\\\/secure.gravatar.com\\\/avatar\\\/ce8e8237543b6fd435c8512ed2124b9877b1959ce1fb18921a0b9fc29e9ce1e3?s=96&d=identicon&r=g\",\"caption\":\"Magnus Dahlgren\"}}]}<\/script>\n<!-- \/ Yoast SEO Premium plugin. -->","yoast_head_json":{"title":"Your emotional Christmas age","description":"A Christmas text by Akiah Ottesen and Ida K. Holth &quot;It was the night before Christmas, and so quiet in our house that nothing was heard, no not a mouse. By the fireplace was","robots":{"index":"index","follow":"follow","max-snippet":"max-snippet:-1","max-image-preview":"max-image-preview:large","max-video-preview":"max-video-preview:-1"},"canonical":"https:\/\/psykologvirke.no\/en\/aktuelt\/din-emosjonelle-julealder\/","og_locale":"en_GB","og_type":"article","og_title":"Din emosjonelle julealder","og_description":"En juletekst av Akiah Ottesen og Ida K. Holth \u00abDet var kvelden f\u00f8r jul, og s\u00e5 stilt i v\u00e5rt husat ingenting h\u00f8yrdest, nei ikkje ei mus.Ved peisen var","og_url":"https:\/\/psykologvirke.no\/en\/aktuelt\/din-emosjonelle-julealder\/","og_site_name":"Privat psykolog Oslo sentrum - Psykologvirke","article_publisher":"https:\/\/www.facebook.com\/psykologvirke","article_published_time":"2025-12-15T16:22:45+00:00","article_modified_time":"2025-12-15T16:24:11+00:00","og_image":[{"width":2560,"height":1920,"url":"https:\/\/psykologvirke.no\/wp-content\/uploads\/2025\/12\/IMG_4942-scaled.jpg","type":"image\/jpeg"}],"author":"Magnus Dahlgren","twitter_card":"summary_large_image","twitter_misc":{"Written by":"Magnus Dahlgren","Estimated reading time":"5 minutes"},"schema":{"@context":"https:\/\/schema.org","@graph":[{"@type":"Article","@id":"https:\/\/psykologvirke.no\/aktuelt\/din-emosjonelle-julealder\/#article","isPartOf":{"@id":"https:\/\/psykologvirke.no\/aktuelt\/din-emosjonelle-julealder\/"},"author":{"name":"Magnus Dahlgren","@id":"https:\/\/psykologvirke.no\/#\/schema\/person\/139d594932c0332a2bef167d70c96677"},"headline":"Din emosjonelle julealder","datePublished":"2025-12-15T16:22:45+00:00","dateModified":"2025-12-15T16:24:11+00:00","mainEntityOfPage":{"@id":"https:\/\/psykologvirke.no\/aktuelt\/din-emosjonelle-julealder\/"},"wordCount":909,"commentCount":0,"publisher":{"@id":"https:\/\/psykologvirke.no\/#organization"},"image":{"@id":"https:\/\/psykologvirke.no\/aktuelt\/din-emosjonelle-julealder\/#primaryimage"},"thumbnailUrl":"https:\/\/psykologvirke.no\/wp-content\/uploads\/2025\/12\/IMG_4942-scaled.jpg","articleSection":["Aktuelt"],"inLanguage":"en-GB","potentialAction":[{"@type":"CommentAction","name":"Comment","target":["https:\/\/psykologvirke.no\/aktuelt\/din-emosjonelle-julealder\/#respond"]}]},{"@type":"WebPage","@id":"https:\/\/psykologvirke.no\/aktuelt\/din-emosjonelle-julealder\/","url":"https:\/\/psykologvirke.no\/aktuelt\/din-emosjonelle-julealder\/","name":"Your emotional Christmas age","isPartOf":{"@id":"https:\/\/psykologvirke.no\/#website"},"primaryImageOfPage":{"@id":"https:\/\/psykologvirke.no\/aktuelt\/din-emosjonelle-julealder\/#primaryimage"},"image":{"@id":"https:\/\/psykologvirke.no\/aktuelt\/din-emosjonelle-julealder\/#primaryimage"},"thumbnailUrl":"https:\/\/psykologvirke.no\/wp-content\/uploads\/2025\/12\/IMG_4942-scaled.jpg","datePublished":"2025-12-15T16:22:45+00:00","dateModified":"2025-12-15T16:24:11+00:00","description":"A Christmas text by Akiah Ottesen and Ida K. Holth &quot;It was the night before Christmas, and so quiet in our house that nothing was heard, no not a mouse. By the fireplace was","breadcrumb":{"@id":"https:\/\/psykologvirke.no\/aktuelt\/din-emosjonelle-julealder\/#breadcrumb"},"inLanguage":"en-GB","potentialAction":[{"@type":"ReadAction","target":["https:\/\/psykologvirke.no\/aktuelt\/din-emosjonelle-julealder\/"]}]},{"@type":"ImageObject","inLanguage":"en-GB","@id":"https:\/\/psykologvirke.no\/aktuelt\/din-emosjonelle-julealder\/#primaryimage","url":"https:\/\/psykologvirke.no\/wp-content\/uploads\/2025\/12\/IMG_4942-scaled.jpg","contentUrl":"https:\/\/psykologvirke.no\/wp-content\/uploads\/2025\/12\/IMG_4942-scaled.jpg","width":2560,"height":1920},{"@type":"BreadcrumbList","@id":"https:\/\/psykologvirke.no\/aktuelt\/din-emosjonelle-julealder\/#breadcrumb","itemListElement":[{"@type":"ListItem","position":1,"name":"Hjem","item":"https:\/\/psykologvirke.no\/"},{"@type":"ListItem","position":2,"name":"Din emosjonelle julealder"}]},{"@type":"WebSite","@id":"https:\/\/psykologvirke.no\/#website","url":"https:\/\/psykologvirke.no\/","name":"Private psychologist in central Oslo - Psychological work","description":"Private psychologist Oslo centre","publisher":{"@id":"https:\/\/psykologvirke.no\/#organization"},"potentialAction":[{"@type":"SearchAction","target":{"@type":"EntryPoint","urlTemplate":"https:\/\/psykologvirke.no\/?s={search_term_string}"},"query-input":{"@type":"PropertyValueSpecification","valueRequired":true,"valueName":"search_term_string"}}],"inLanguage":"en-GB"},{"@type":"Organization","@id":"https:\/\/psykologvirke.no\/#organization","name":"Psykologvirke","url":"https:\/\/psykologvirke.no\/","logo":{"@type":"ImageObject","inLanguage":"en-GB","@id":"https:\/\/psykologvirke.no\/#\/schema\/logo\/image\/","url":"https:\/\/psykologvirke.no\/wp-content\/uploads\/2022\/07\/logo-stacked-psykolgovirke.png","contentUrl":"https:\/\/psykologvirke.no\/wp-content\/uploads\/2022\/07\/logo-stacked-psykolgovirke.png","width":273,"height":288,"caption":"Psykologvirke"},"image":{"@id":"https:\/\/psykologvirke.no\/#\/schema\/logo\/image\/"},"sameAs":["https:\/\/www.facebook.com\/psykologvirke"]},{"@type":"Person","@id":"https:\/\/psykologvirke.no\/#\/schema\/person\/139d594932c0332a2bef167d70c96677","name":"Magnus Dahlgren","image":{"@type":"ImageObject","inLanguage":"en-GB","@id":"https:\/\/secure.gravatar.com\/avatar\/ce8e8237543b6fd435c8512ed2124b9877b1959ce1fb18921a0b9fc29e9ce1e3?s=96&d=identicon&r=g","url":"https:\/\/secure.gravatar.com\/avatar\/ce8e8237543b6fd435c8512ed2124b9877b1959ce1fb18921a0b9fc29e9ce1e3?s=96&d=identicon&r=g","contentUrl":"https:\/\/secure.gravatar.com\/avatar\/ce8e8237543b6fd435c8512ed2124b9877b1959ce1fb18921a0b9fc29e9ce1e3?s=96&d=identicon&r=g","caption":"Magnus Dahlgren"}}]}},"featured_image_src":"https:\/\/psykologvirke.no\/wp-content\/uploads\/2025\/12\/IMG_4942-600x400.jpg","featured_image_src_square":"https:\/\/psykologvirke.no\/wp-content\/uploads\/2025\/12\/IMG_4942-600x600.jpg","author_info":{"display_name":"Magnus Dahlgren","author_link":"https:\/\/psykologvirke.no\/en\/author\/magnus\/"},"_links":{"self":[{"href":"https:\/\/psykologvirke.no\/en\/wp-json\/wp\/v2\/posts\/6228","targetHints":{"allow":["GET"]}}],"collection":[{"href":"https:\/\/psykologvirke.no\/en\/wp-json\/wp\/v2\/posts"}],"about":[{"href":"https:\/\/psykologvirke.no\/en\/wp-json\/wp\/v2\/types\/post"}],"author":[{"embeddable":true,"href":"https:\/\/psykologvirke.no\/en\/wp-json\/wp\/v2\/users\/3"}],"replies":[{"embeddable":true,"href":"https:\/\/psykologvirke.no\/en\/wp-json\/wp\/v2\/comments?post=6228"}],"version-history":[{"count":0,"href":"https:\/\/psykologvirke.no\/en\/wp-json\/wp\/v2\/posts\/6228\/revisions"}],"wp:featuredmedia":[{"embeddable":true,"href":"https:\/\/psykologvirke.no\/en\/wp-json\/wp\/v2\/media\/6229"}],"wp:attachment":[{"href":"https:\/\/psykologvirke.no\/en\/wp-json\/wp\/v2\/media?parent=6228"}],"wp:term":[{"taxonomy":"category","embeddable":true,"href":"https:\/\/psykologvirke.no\/en\/wp-json\/wp\/v2\/categories?post=6228"},{"taxonomy":"post_tag","embeddable":true,"href":"https:\/\/psykologvirke.no\/en\/wp-json\/wp\/v2\/tags?post=6228"},{"taxonomy":"problemstilling","embeddable":true,"href":"https:\/\/psykologvirke.no\/en\/wp-json\/wp\/v2\/problemstilling?post=6228"},{"taxonomy":"terapiretning","embeddable":true,"href":"https:\/\/psykologvirke.no\/en\/wp-json\/wp\/v2\/terapiretning?post=6228"}],"curies":[{"name":"wp","href":"https:\/\/api.w.org\/{rel}","templated":true}]}}